{"id":132,"date":"2016-07-16T11:27:41","date_gmt":"2016-07-16T09:27:41","guid":{"rendered":"http:\/\/foevkts.0link.net\/wordpress\/?p=132"},"modified":"2016-07-16T11:46:22","modified_gmt":"2016-07-16T09:46:22","slug":"abschied-im-kindergarten","status":"publish","type":"post","link":"https:\/\/foevkts.ralsu.de\/wordpress\/index.php\/2016\/07\/16\/abschied-im-kindergarten\/","title":{"rendered":"Gro\u00dfer Abschied im Kindergarten"},"content":{"rendered":"<p>Auch in diesem Jahr hei\u00dft es im Kindergarten Schoningen Abschied nehmen. Aber anders als in vielen anderen Kindergartenjahren mussten nicht nur die Schulanf\u00e4nger\u00a0und de FSJ-Kraft\u00a0sondern auch eine langj\u00e4hrige Mitarbeiterin der Tagesst\u00e4tte in den wohlverdienten Ruhestand verabschiedet werden.<\/p>\n<h4>Abschied von Angelika Ilse<\/h4>\n<p>Schon einen Tag vor Ende der Kindergartenzeit haben Kindergarten und Kirchengemeinde in einer Andacht Abschied von Angelika Ilse gefeiert. Leiterin Bettina Konrad weckte in ihrer Rede viele Erinnerungen aus 23 Jahren gemeinsamer Arbeit in der Kindergartengruppe. Die Kinder bildeten mit Gesang und Bewegung das Programm und auch von der Kirchengemeinde und den Elternvertretern gab es nur lobende Worte \u00fcber die gemeinsame Zeit.<\/p>\n<p>F\u00fcr viele Eltern, die\u00a0selbst schon als Kind im Kindergarten Schoningen waren, oder Angelika durch ein Praktikum im Kindergarten kennen lernen konnten, war es daher\u00a0selbstverst\u00e4ndlich zum Abschied f\u00fcr ein Geschenk zu sammeln und so konnte im Rahmen der Andacht der Beirat im Namen der Eltern Angelika eine Freude machen.<\/p>\n<div id='gallery-1' class='gallery galleryid-132 gallery-columns-2 gallery-size-thumbnail'><figure class='gallery-item'>\n\t\t\t<div class='gallery-icon landscape'>\n\t\t\t\t<a href='https:\/\/foevkts.ralsu.de\/wordpress\/index.php\/2016\/07\/16\/abschied-im-kindergarten\/img_9564\/'><img width=\"150\" height=\"150\" src=\"https:\/\/foevkts.ralsu.de\/wordpress\/wp-content\/uploads\/2016\/07\/IMG_9564-150x150.jpg\" class=\"attachment-thumbnail size-thumbnail\" alt=\"\" loading=\"lazy\" aria-describedby=\"gallery-1-145\" \/><\/a>\n\t\t\t<\/div>\n\t\t\t\t<figcaption class='wp-caption-text gallery-caption' id='gallery-1-145'>\n\t\t\t\tviel Gesang zum Abschied\n\t\t\t\t<\/figcaption><\/figure><figure class='gallery-item'>\n\t\t\t<div class='gallery-icon portrait'>\n\t\t\t\t<a href='https:\/\/foevkts.ralsu.de\/wordpress\/index.php\/2016\/07\/16\/abschied-im-kindergarten\/img_9565\/'><img width=\"150\" height=\"150\" src=\"https:\/\/foevkts.ralsu.de\/wordpress\/wp-content\/uploads\/2016\/07\/IMG_9565-e1468660473503-150x150.jpg\" class=\"attachment-thumbnail size-thumbnail\" alt=\"\" loading=\"lazy\" aria-describedby=\"gallery-1-146\" \/><\/a>\n\t\t\t<\/div>\n\t\t\t\t<figcaption class='wp-caption-text gallery-caption' id='gallery-1-146'>\n\t\t\t\tlobende Worte von der Leiterin\n\t\t\t\t<\/figcaption><\/figure><figure class='gallery-item'>\n\t\t\t<div class='gallery-icon portrait'>\n\t\t\t\t<a href='https:\/\/foevkts.ralsu.de\/wordpress\/index.php\/2016\/07\/16\/abschied-im-kindergarten\/img_9573\/'><img width=\"150\" height=\"150\" src=\"https:\/\/foevkts.ralsu.de\/wordpress\/wp-content\/uploads\/2016\/07\/IMG_9573-e1468660458436-150x150.jpg\" class=\"attachment-thumbnail size-thumbnail\" alt=\"\" loading=\"lazy\" aria-describedby=\"gallery-1-143\" \/><\/a>\n\t\t\t<\/div>\n\t\t\t\t<figcaption class='wp-caption-text gallery-caption' id='gallery-1-143'>\n\t\t\t\tGeschenke der Kolleginnen\n\t\t\t\t<\/figcaption><\/figure><figure class='gallery-item'>\n\t\t\t<div class='gallery-icon landscape'>\n\t\t\t\t<a href='https:\/\/foevkts.ralsu.de\/wordpress\/index.php\/2016\/07\/16\/abschied-im-kindergarten\/img_9594\/'><img width=\"150\" height=\"150\" src=\"https:\/\/foevkts.ralsu.de\/wordpress\/wp-content\/uploads\/2016\/07\/IMG_9594-150x150.jpg\" class=\"attachment-thumbnail size-thumbnail\" alt=\"\" loading=\"lazy\" aria-describedby=\"gallery-1-144\" \/><\/a>\n\t\t\t<\/div>\n\t\t\t\t<figcaption class='wp-caption-text gallery-caption' id='gallery-1-144'>\n\t\t\t\tGeschenke der Eltern\n\t\t\t\t<\/figcaption><\/figure>\n\t\t<\/div>\n\n<h4>Abschied der Schulanf\u00e4nger<\/h4>\n<p>Schon am n\u00e4chsten Tag sollte nun auch die gemeinsame Zeit von den 16 Schulanf\u00e4ngern im Kindergarten enden. Mit ihnen wurde auch die FSJ-Kraft Sophie Lochno entlassen, die auch wieder zur Schule gehen und vielleicht irgendwann als Erzieherin in den Kindergarten zur\u00fcckkehren wird.<\/p>\n<div id='gallery-2' class='gallery galleryid-132 gallery-columns-2 gallery-size-medium'><figure class='gallery-item'>\n\t\t\t<div class='gallery-icon landscape'>\n\t\t\t\t<a href='https:\/\/foevkts.ralsu.de\/wordpress\/index.php\/2016\/07\/16\/abschied-im-kindergarten\/img_9621\/'><img width=\"300\" height=\"200\" src=\"https:\/\/foevkts.ralsu.de\/wordpress\/wp-content\/uploads\/2016\/07\/IMG_9621-300x200.jpg\" class=\"attachment-medium size-medium\" alt=\"\" loading=\"lazy\" aria-describedby=\"gallery-2-134\" srcset=\"https:\/\/foevkts.ralsu.de\/wordpress\/wp-content\/uploads\/2016\/07\/IMG_9621-300x200.jpg 300w, https:\/\/foevkts.ralsu.de\/wordpress\/wp-content\/uploads\/2016\/07\/IMG_9621-768x512.jpg 768w, https:\/\/foevkts.ralsu.de\/wordpress\/wp-content\/uploads\/2016\/07\/IMG_9621-1024x683.jpg 1024w\" sizes=\"(max-width: 300px) 100vw, 300px\" \/><\/a>\n\t\t\t<\/div>\n\t\t\t\t<figcaption class='wp-caption-text gallery-caption' id='gallery-2-134'>\n\t\t\t\tAndacht in der Kirche\n\t\t\t\t<\/figcaption><\/figure><figure class='gallery-item'>\n\t\t\t<div class='gallery-icon portrait'>\n\t\t\t\t<a href='https:\/\/foevkts.ralsu.de\/wordpress\/index.php\/2016\/07\/16\/abschied-im-kindergarten\/img_9629\/'><img width=\"200\" height=\"300\" src=\"https:\/\/foevkts.ralsu.de\/wordpress\/wp-content\/uploads\/2016\/07\/IMG_9629-e1468660249999-200x300.jpg\" class=\"attachment-medium size-medium\" alt=\"\" loading=\"lazy\" aria-describedby=\"gallery-2-135\" srcset=\"https:\/\/foevkts.ralsu.de\/wordpress\/wp-content\/uploads\/2016\/07\/IMG_9629-e1468660249999-200x300.jpg 200w, https:\/\/foevkts.ralsu.de\/wordpress\/wp-content\/uploads\/2016\/07\/IMG_9629-e1468660249999-768x1152.jpg 768w, https:\/\/foevkts.ralsu.de\/wordpress\/wp-content\/uploads\/2016\/07\/IMG_9629-e1468660249999-683x1024.jpg 683w\" sizes=\"(max-width: 200px) 100vw, 200px\" \/><\/a>\n\t\t\t<\/div>\n\t\t\t\t<figcaption class='wp-caption-text gallery-caption' id='gallery-2-135'>\n\t\t\t\tSegnung der Kinder\n\t\t\t\t<\/figcaption><\/figure>\n\t\t<\/div>\n\n<p>In der Andacht\u00a0sangen\u00a0die Kinder mit viel Freude ihre Lieder aus der Kindergartenzeit. Pastorin Sennert rief auch die vielen Andachten zu verschiedenen christlichen Themen in Erinnerung. Nach dem\u00a0F\u00fcrbittengebet, welches durch zwei Eltern vorgetragen wurde, erfolgte eine\u00a0Segnung durch Frau Sennert, bevor dann im Kindergarten mit einer Party weiter gefeiert wurde.<\/p>\n<p>Auch hier zeigten die\u00a0Kinder, was im Kindergarten wichtig ist &#8230; gemeinsam singen, bewegen und spielen. Beim Bewegungsmemory mussten die Erwachsenen nat\u00fcrlich auch mit ran. F\u00fcr viele\u00a0Eltern brachte\u00a0ein letzter Rundgang durch die R\u00e4ume die Erinnerungen an die Eingew\u00f6hnung, Elternabende oder so manches Fest aber auch an manchmal traurige oder freudige Szene beim Bringen oder Abholen der Kinder zur\u00fcck. Man war sich einig &#8230; es war eine sch\u00f6ne Zeit.<\/p>\n<div id='gallery-3' class='gallery galleryid-132 gallery-columns-2 gallery-size-medium'><figure class='gallery-item'>\n\t\t\t<div class='gallery-icon landscape'>\n\t\t\t\t<a href='https:\/\/foevkts.ralsu.de\/wordpress\/index.php\/2016\/07\/16\/abschied-im-kindergarten\/img_9670\/'><img width=\"300\" height=\"200\" src=\"https:\/\/foevkts.ralsu.de\/wordpress\/wp-content\/uploads\/2016\/07\/IMG_9670-300x200.jpg\" class=\"attachment-medium size-medium\" alt=\"\" loading=\"lazy\" srcset=\"https:\/\/foevkts.ralsu.de\/wordpress\/wp-content\/uploads\/2016\/07\/IMG_9670-300x200.jpg 300w, https:\/\/foevkts.ralsu.de\/wordpress\/wp-content\/uploads\/2016\/07\/IMG_9670-768x512.jpg 768w, https:\/\/foevkts.ralsu.de\/wordpress\/wp-content\/uploads\/2016\/07\/IMG_9670-1024x683.jpg 1024w\" sizes=\"(max-width: 300px) 100vw, 300px\" \/><\/a>\n\t\t\t<\/div><\/figure><figure class='gallery-item'>\n\t\t\t<div class='gallery-icon landscape'>\n\t\t\t\t<a href='https:\/\/foevkts.ralsu.de\/wordpress\/index.php\/2016\/07\/16\/abschied-im-kindergarten\/img_9686\/'><img width=\"300\" height=\"200\" src=\"https:\/\/foevkts.ralsu.de\/wordpress\/wp-content\/uploads\/2016\/07\/IMG_9686-300x200.jpg\" class=\"attachment-medium size-medium\" alt=\"\" loading=\"lazy\" srcset=\"https:\/\/foevkts.ralsu.de\/wordpress\/wp-content\/uploads\/2016\/07\/IMG_9686-300x200.jpg 300w, https:\/\/foevkts.ralsu.de\/wordpress\/wp-content\/uploads\/2016\/07\/IMG_9686-768x512.jpg 768w, https:\/\/foevkts.ralsu.de\/wordpress\/wp-content\/uploads\/2016\/07\/IMG_9686-1024x683.jpg 1024w\" sizes=\"(max-width: 300px) 100vw, 300px\" \/><\/a>\n\t\t\t<\/div><\/figure><figure class='gallery-item'>\n\t\t\t<div class='gallery-icon landscape'>\n\t\t\t\t<a href='https:\/\/foevkts.ralsu.de\/wordpress\/index.php\/2016\/07\/16\/abschied-im-kindergarten\/img_9651\/'><img width=\"300\" height=\"200\" src=\"https:\/\/foevkts.ralsu.de\/wordpress\/wp-content\/uploads\/2016\/07\/IMG_9651-300x200.jpg\" class=\"attachment-medium size-medium\" alt=\"\" loading=\"lazy\" srcset=\"https:\/\/foevkts.ralsu.de\/wordpress\/wp-content\/uploads\/2016\/07\/IMG_9651-300x200.jpg 300w, https:\/\/foevkts.ralsu.de\/wordpress\/wp-content\/uploads\/2016\/07\/IMG_9651-768x512.jpg 768w, https:\/\/foevkts.ralsu.de\/wordpress\/wp-content\/uploads\/2016\/07\/IMG_9651-1024x683.jpg 1024w\" sizes=\"(max-width: 300px) 100vw, 300px\" \/><\/a>\n\t\t\t<\/div><\/figure><figure class='gallery-item'>\n\t\t\t<div class='gallery-icon landscape'>\n\t\t\t\t<a href='https:\/\/foevkts.ralsu.de\/wordpress\/index.php\/2016\/07\/16\/abschied-im-kindergarten\/img_9660\/'><img width=\"300\" height=\"200\" src=\"https:\/\/foevkts.ralsu.de\/wordpress\/wp-content\/uploads\/2016\/07\/IMG_9660-300x200.jpg\" class=\"attachment-medium size-medium\" alt=\"\" loading=\"lazy\" srcset=\"https:\/\/foevkts.ralsu.de\/wordpress\/wp-content\/uploads\/2016\/07\/IMG_9660-300x200.jpg 300w, https:\/\/foevkts.ralsu.de\/wordpress\/wp-content\/uploads\/2016\/07\/IMG_9660-768x512.jpg 768w, https:\/\/foevkts.ralsu.de\/wordpress\/wp-content\/uploads\/2016\/07\/IMG_9660-1024x683.jpg 1024w\" sizes=\"(max-width: 300px) 100vw, 300px\" \/><\/a>\n\t\t\t<\/div><\/figure><figure class='gallery-item'>\n\t\t\t<div class='gallery-icon landscape'>\n\t\t\t\t<a href='https:\/\/foevkts.ralsu.de\/wordpress\/index.php\/2016\/07\/16\/abschied-im-kindergarten\/img_9658\/'><img width=\"300\" height=\"200\" src=\"https:\/\/foevkts.ralsu.de\/wordpress\/wp-content\/uploads\/2016\/07\/IMG_9658-300x200.jpg\" class=\"attachment-medium size-medium\" alt=\"\" loading=\"lazy\" srcset=\"https:\/\/foevkts.ralsu.de\/wordpress\/wp-content\/uploads\/2016\/07\/IMG_9658-300x200.jpg 300w, https:\/\/foevkts.ralsu.de\/wordpress\/wp-content\/uploads\/2016\/07\/IMG_9658-768x512.jpg 768w, https:\/\/foevkts.ralsu.de\/wordpress\/wp-content\/uploads\/2016\/07\/IMG_9658-1024x683.jpg 1024w\" sizes=\"(max-width: 300px) 100vw, 300px\" \/><\/a>\n\t\t\t<\/div><\/figure><figure class='gallery-item'>\n\t\t\t<div class='gallery-icon landscape'>\n\t\t\t\t<a href='https:\/\/foevkts.ralsu.de\/wordpress\/index.php\/2016\/07\/16\/abschied-im-kindergarten\/img_9656\/'><img width=\"300\" height=\"200\" src=\"https:\/\/foevkts.ralsu.de\/wordpress\/wp-content\/uploads\/2016\/07\/IMG_9656-300x200.jpg\" class=\"attachment-medium size-medium\" alt=\"\" loading=\"lazy\" srcset=\"https:\/\/foevkts.ralsu.de\/wordpress\/wp-content\/uploads\/2016\/07\/IMG_9656-300x200.jpg 300w, https:\/\/foevkts.ralsu.de\/wordpress\/wp-content\/uploads\/2016\/07\/IMG_9656-768x512.jpg 768w, https:\/\/foevkts.ralsu.de\/wordpress\/wp-content\/uploads\/2016\/07\/IMG_9656-1024x683.jpg 1024w\" sizes=\"(max-width: 300px) 100vw, 300px\" \/><\/a>\n\t\t\t<\/div><\/figure><figure class='gallery-item'>\n\t\t\t<div class='gallery-icon landscape'>\n\t\t\t\t<a href='https:\/\/foevkts.ralsu.de\/wordpress\/index.php\/2016\/07\/16\/abschied-im-kindergarten\/img_9659\/'><img width=\"300\" height=\"200\" src=\"https:\/\/foevkts.ralsu.de\/wordpress\/wp-content\/uploads\/2016\/07\/IMG_9659-300x200.jpg\" class=\"attachment-medium size-medium\" alt=\"\" loading=\"lazy\" srcset=\"https:\/\/foevkts.ralsu.de\/wordpress\/wp-content\/uploads\/2016\/07\/IMG_9659-300x200.jpg 300w, https:\/\/foevkts.ralsu.de\/wordpress\/wp-content\/uploads\/2016\/07\/IMG_9659-768x512.jpg 768w, https:\/\/foevkts.ralsu.de\/wordpress\/wp-content\/uploads\/2016\/07\/IMG_9659-1024x683.jpg 1024w\" sizes=\"(max-width: 300px) 100vw, 300px\" \/><\/a>\n\t\t\t<\/div><\/figure><figure class='gallery-item'>\n\t\t\t<div class='gallery-icon landscape'>\n\t\t\t\t<a href='https:\/\/foevkts.ralsu.de\/wordpress\/index.php\/2016\/07\/16\/abschied-im-kindergarten\/img_9751\/'><img width=\"300\" height=\"200\" src=\"https:\/\/foevkts.ralsu.de\/wordpress\/wp-content\/uploads\/2016\/07\/IMG_9751-300x200.jpg\" class=\"attachment-medium size-medium\" alt=\"\" loading=\"lazy\" srcset=\"https:\/\/foevkts.ralsu.de\/wordpress\/wp-content\/uploads\/2016\/07\/IMG_9751-300x200.jpg 300w, https:\/\/foevkts.ralsu.de\/wordpress\/wp-content\/uploads\/2016\/07\/IMG_9751-768x512.jpg 768w, https:\/\/foevkts.ralsu.de\/wordpress\/wp-content\/uploads\/2016\/07\/IMG_9751-1024x683.jpg 1024w\" sizes=\"(max-width: 300px) 100vw, 300px\" \/><\/a>\n\t\t\t<\/div><\/figure>\n\t\t<\/div>\n\n<p>Damit keiner diese gemeinsame Zeit vergisst, haben die Kinder von Ihren Erzieherinnen Ihre Kindergartenmappen best\u00fcckt mit Bildern, Liedern und Geschichten aus ihrer Zeit erhalten. Diese Mappen sind von den Kindern hei\u00df geliebt und wurden in den Familien am Abend sicher noch \u00f6fters durchgebl\u00e4ttert, denn zu jeder Seite haben die Kinder eine Geschichte zu erz\u00e4hlen.<\/p>\n<p>Aber auch der Kindergarten, soll diesen starken Jahrgang nicht vergessen &#8230; Auch hier haben die Eltern zusammengelegt und dem Kindergarten eine Bank f\u00fcr das Au\u00dfengel\u00e4nde geschenkt. Zuvor hatten die Kinder ihren Namen auf das Holz geschrieben, die dann mit einem Brandeisen f\u00fcr immer verewigt wurde.<\/p>\n<p>Zum Abschied hab es dann auch noch ein kleines s\u00fc\u00dfes Dankesch\u00f6n f\u00fcr das gesamte Personal der Einrichtung und weil dieser Tag ein ganz besonderer ist, durften alle Kinder am Ende den Kindergarten nochmal \u00fcber Notrutsche verlassen.<\/p>\n<p><img loading=\"lazy\" class=\"size-medium wp-image-142 aligncenter\" src=\"http:\/\/foevkts.0link.net\/wordpress\/wp-content\/uploads\/2016\/07\/IMG_9708-e1468660224445-200x300.jpg\" alt=\"IMG_9708\" width=\"200\" height=\"300\" srcset=\"https:\/\/foevkts.ralsu.de\/wordpress\/wp-content\/uploads\/2016\/07\/IMG_9708-e1468660224445-200x300.jpg 200w, https:\/\/foevkts.ralsu.de\/wordpress\/wp-content\/uploads\/2016\/07\/IMG_9708-e1468660224445-768x1152.jpg 768w, https:\/\/foevkts.ralsu.de\/wordpress\/wp-content\/uploads\/2016\/07\/IMG_9708-e1468660224445-683x1024.jpg 683w\" sizes=\"(max-width: 200px) 100vw, 200px\" \/><\/p>\n","protected":false},"excerpt":{"rendered":"<p>Auch in diesem Jahr hei\u00dft es im Kindergarten Schoningen Abschied nehmen. Aber anders als in vielen anderen Kindergartenjahren mussten nicht nur die Schulanf\u00e4nger\u00a0und de FSJ-Kraft\u00a0sondern auch eine langj\u00e4hrige Mitarbeiterin der Tagesst\u00e4tte in den wohlverdienten Ruhestand verabschiedet werden. Abschied von Angelika Ilse Schon einen Tag vor Ende der Kindergartenzeit haben Kindergarten und Kirchengemeinde in einer Andacht [&hellip;]<\/p>\n","protected":false},"author":1,"featured_media":0,"comment_status":"open","ping_status":"open","sticky":false,"template":"","format":"image","meta":[],"categories":[8],"tags":[],"_links":{"self":[{"href":"https:\/\/foevkts.ralsu.de\/wordpress\/index.php\/wp-json\/wp\/v2\/posts\/132"}],"collection":[{"href":"https:\/\/foevkts.ralsu.de\/wordpress\/index.php\/wp-json\/wp\/v2\/posts"}],"about":[{"href":"https:\/\/foevkts.ralsu.de\/wordpress\/index.php\/wp-json\/wp\/v2\/types\/post"}],"author":[{"embeddable":true,"href":"https:\/\/foevkts.ralsu.de\/wordpress\/index.php\/wp-json\/wp\/v2\/users\/1"}],"replies":[{"embeddable":true,"href":"https:\/\/foevkts.ralsu.de\/wordpress\/index.php\/wp-json\/wp\/v2\/comments?post=132"}],"version-history":[{"count":2,"href":"https:\/\/foevkts.ralsu.de\/wordpress\/index.php\/wp-json\/wp\/v2\/posts\/132\/revisions"}],"predecessor-version":[{"id":153,"href":"https:\/\/foevkts.ralsu.de\/wordpress\/index.php\/wp-json\/wp\/v2\/posts\/132\/revisions\/153"}],"wp:attachment":[{"href":"https:\/\/foevkts.ralsu.de\/wordpress\/index.php\/wp-json\/wp\/v2\/media?parent=132"}],"wp:term":[{"taxonomy":"category","embeddable":true,"href":"https:\/\/foevkts.ralsu.de\/wordpress\/index.php\/wp-json\/wp\/v2\/categories?post=132"},{"taxonomy":"post_tag","embeddable":true,"href":"https:\/\/foevkts.ralsu.de\/wordpress\/index.php\/wp-json\/wp\/v2\/tags?post=132"}],"curies":[{"name":"wp","href":"https:\/\/api.w.org\/{rel}","templated":true}]}}