{"id":170,"date":"2016-08-17T14:43:03","date_gmt":"2016-08-17T12:43:03","guid":{"rendered":"http:\/\/foevkts.0link.net\/wordpress\/?p=170"},"modified":"2016-08-17T14:45:01","modified_gmt":"2016-08-17T12:45:01","slug":"gemeindefest-in-schoningen-am-28-08-2016","status":"publish","type":"post","link":"https:\/\/foevkts.ralsu.de\/wordpress\/index.php\/2016\/08\/17\/gemeindefest-in-schoningen-am-28-08-2016\/","title":{"rendered":"Gemeindefest in Schoningen am 28.08.2016"},"content":{"rendered":"<p><span style=\"color: #ff0000;\"><strong>Wir machen es kurz &#8230; es lohnt sich dort vorbei zu schauen &#8230; <\/strong><\/span><\/p>\n<p>Neben einem vielseitigen musikalischem Programm gibt es bei hoffentlich bestem Wetter Leckereien vom Grill und k\u00fchle Getr\u00e4nke zur Erfrischung, nachdem Ihr euch bei der Musik von <strong>Cheryl<\/strong> (aus &#8220;<strong>The Voice of Germany 2015<\/strong>&#8221; und <strong>Hubertus von Garnier<\/strong> (aus &#8220;<strong>Das Supertalent 2009<\/strong>&#8220;) warm getanzt habt.<\/p>\n<p>Am Nachmittag wird es dann bei Kaffee und Kuchentafel und dem Rollatorf\u00fchrerschein mit der Verkehrswacht etwas ruhiger, bevor <strong>Elvis<\/strong> im K\u00f6rper von <strong>Mike Ohms<\/strong>\u00a0am sp\u00e4ten Nachmittag reinkarniert.<\/p>\n<p>Wir vom F\u00f6rderverein sind dabei und werden Euch mit k\u00fchlen Getr\u00e4nken versorgen. Wir haben weder Kosten noch M\u00fchen gescheut und extra aus Franken Wein importiert &#8211; wer den nicht mag, der muss leider das frische Fassbier von Haffner trinken\u00a0\ud83d\ude09<\/p>\n<p><strong>Ein Teil der Erl\u00f6se des Festes wird \u00fcber den F\u00f6rderverein den Kindern in Kindergarten und Krippe zu Gute kommen &#8211; also kommt vorbei, habt ein paar sch\u00f6ne Stunden und helft uns ein bisschen Geld f\u00fcr unsere Kinder zu sammeln.<\/strong><\/p>\n<p><img loading=\"lazy\" class=\"alignnone size-full wp-image-171 aligncenter\" src=\"http:\/\/foevkts.0link.net\/wordpress\/wp-content\/uploads\/2016\/08\/Gemeindefest.jpg\" alt=\"Gemeindefest Schoningen 2016\" width=\"578\" height=\"808\" srcset=\"https:\/\/foevkts.ralsu.de\/wordpress\/wp-content\/uploads\/2016\/08\/Gemeindefest.jpg 578w, https:\/\/foevkts.ralsu.de\/wordpress\/wp-content\/uploads\/2016\/08\/Gemeindefest-215x300.jpg 215w\" sizes=\"(max-width: 578px) 100vw, 578px\" \/><\/p>\n<p>&nbsp;<\/p>\n","protected":false},"excerpt":{"rendered":"<p>Wir machen es kurz &#8230; es lohnt sich dort vorbei zu schauen &#8230; Neben einem vielseitigen musikalischem Programm gibt es bei hoffentlich bestem Wetter Leckereien vom Grill und k\u00fchle Getr\u00e4nke zur Erfrischung, nachdem Ihr euch bei der Musik von Cheryl (aus &#8220;The Voice of Germany 2015&#8221; und Hubertus von Garnier (aus &#8220;Das Supertalent 2009&#8220;) warm [&hellip;]<\/p>\n","protected":false},"author":1,"featured_media":0,"comment_status":"open","ping_status":"open","sticky":false,"template":"","format":"standard","meta":[],"categories":[1],"tags":[],"_links":{"self":[{"href":"https:\/\/foevkts.ralsu.de\/wordpress\/index.php\/wp-json\/wp\/v2\/posts\/170"}],"collection":[{"href":"https:\/\/foevkts.ralsu.de\/wordpress\/index.php\/wp-json\/wp\/v2\/posts"}],"about":[{"href":"https:\/\/foevkts.ralsu.de\/wordpress\/index.php\/wp-json\/wp\/v2\/types\/post"}],"author":[{"embeddable":true,"href":"https:\/\/foevkts.ralsu.de\/wordpress\/index.php\/wp-json\/wp\/v2\/users\/1"}],"replies":[{"embeddable":true,"href":"https:\/\/foevkts.ralsu.de\/wordpress\/index.php\/wp-json\/wp\/v2\/comments?post=170"}],"version-history":[{"count":1,"href":"https:\/\/foevkts.ralsu.de\/wordpress\/index.php\/wp-json\/wp\/v2\/posts\/170\/revisions"}],"predecessor-version":[{"id":172,"href":"https:\/\/foevkts.ralsu.de\/wordpress\/index.php\/wp-json\/wp\/v2\/posts\/170\/revisions\/172"}],"wp:attachment":[{"href":"https:\/\/foevkts.ralsu.de\/wordpress\/index.php\/wp-json\/wp\/v2\/media?parent=170"}],"wp:term":[{"taxonomy":"category","embeddable":true,"href":"https:\/\/foevkts.ralsu.de\/wordpress\/index.php\/wp-json\/wp\/v2\/categories?post=170"},{"taxonomy":"post_tag","embeddable":true,"href":"https:\/\/foevkts.ralsu.de\/wordpress\/index.php\/wp-json\/wp\/v2\/tags?post=170"}],"curies":[{"name":"wp","href":"https:\/\/api.w.org\/{rel}","templated":true}]}}