{"id":309,"date":"2021-04-30T17:20:32","date_gmt":"2021-04-30T15:20:32","guid":{"rendered":"https:\/\/foevkts.ralsu.de\/wordpress\/?p=309"},"modified":"2021-05-25T18:07:03","modified_gmt":"2021-05-25T16:07:03","slug":"rueckblick-auf-ein-schwieriges-jahr","status":"publish","type":"post","link":"https:\/\/foevkts.ralsu.de\/wordpress\/index.php\/2021\/04\/30\/rueckblick-auf-ein-schwieriges-jahr\/","title":{"rendered":"R\u00fcckblick auf ein schwieriges Jahr"},"content":{"rendered":"\n<p><em>In der Mitgliederversammlung am 27.04.2021 berichtete der Vorstand \u00fcber die Entwicklung des Vereins im Jahr 2020 und wagt einen Ausblick auf das Jahr 2021.<\/em><\/p>\n\n\n\n<p>Hygienema\u00dfnahmen, Corona-Regeln &#8211; auch die Jahreshauptversammlung 2021 blieb davon nicht verschont, denn kurzfristig musste die Versammlung von der Kita in die benachbarte St.-Vitus-Kirche verlegt werden, da hier Abst\u00e4nde und Hygienema\u00dfnahmen besser umsetzbar waren.<\/p>\n\n\n\n<p>Mit insgesamt sieben Anwesenden berichtete der Vorsitzende Rainer Fiedler \u00fcber das vergangene Vereinsjahr. Wohl wichtigstes Ereignis war die Neuwahl des Vorstandes, die durch den R\u00fccktritt des zweiten Vorsitzenden erforderlich wurde. Durch die Corona-Regelungen im Fr\u00fchjahr 2020 zog sich die Wahl bis in den Sommer &#8211; die sich anschlie\u00dfende B\u00fcrokratie mit Notar und Amtsgericht zog sich bis in den Herbst. Mit Marina Figge konnte der Vorstand wieder komplettiert werden und in einer erweiterten Vorstandssitzung wurden auch alle Beisitzerposten wieder vollst\u00e4ndig besetzt. Ebenfalls wurde beschlossen, dass k\u00fcnftig die Beisitzer auch bei F\u00f6rderungen und Aktivit\u00e4ten des Vereins ein Stimmrecht erhalten und so mehr Mitbestimmung durch Eltern m\u00f6glich sein soll.<\/p>\n\n\n\n<p>Bei den Mitgliedern ist die Entwicklung leicht positiv, denn drei Austritten und einem Sterbefall stehen sechs Neumitglieder gegen\u00fcber. Insgesamt z\u00e4hlt der Verein zum Jahresende 40 Mitglieder.<\/p>\n\n\n\n<p>Finanziell ist ein starker R\u00fcckgang der Spenden zu verzeichnen, da im Jahr 2020 keine Veranstaltungen und Aktivit\u00e4ten des Vereins gemeinsam mit der Kita durchgef\u00fchrt werden konnten. Gesteigert wurden hingegen die Einnahmen durch die Programme <a href=\"https:\/\/foevkts.ralsu.de\/wordpress\/index.php\/schulengel\/\">Schulengel <\/a>und <a href=\"https:\/\/foevkts.ralsu.de\/wordpress\/index.php\/amazon-smile\/\">Amazon Smile<\/a>. Bei den Ausgaben macht sich das stark reduzierte Programm in und um die Kita auch bemerkbar, denn die Pro-Kopf-F\u00f6rdersumme sinkt auf 6,70 Euro (vgl. 23 Euro in 2018). Insgesamt wird das Gesch\u00e4ftsjahr mit einem \u00dcberschuss von rund 400 Euro abgeschlossen.<\/p>\n\n\n\n<p>Nach den Berichten wurde die Entlastung des Vorstandes beantragt und von der Versammlung einstimmig erteilt. F\u00fcr die Gesch\u00e4ftsjahre 2021\/2022 wurde Janina Borchert als Kassenpr\u00fcferin gew\u00e4hlt.<\/p>\n\n\n\n<p>Das Jahr 2021 m\u00f6chte der Vorstand nutzen, um neues Material f\u00fcr die Mitgliederwerbung zu erstellen. Auch in der Kita soll 2021 wieder mehr gef\u00f6rdert werden. Neben Spielmaterial soll, sobald die Corona-Regelungen es zulassen, ein Puppentheater f\u00fcr die Kinder ein Gastspiel geben. Erste Kontakte dazu hat die Kita-Leitung bereits aufgenommen, der Vorstand des F\u00f6rdervereins hat die finanziellen Mittel daf\u00fcr bereits bewilligt.<\/p>\n\n\n\n<p>Als Vertreterin der Einrichtung bedankt sich Marina Below f\u00fcr die F\u00f6rderung der Spielsets von LEGO und Magformers, denn diese beliebten Spielzeuge sind im Kindergarten nur in gro\u00dfen Sets wirklich sinnvoll einsetzbar, die aber allein aus Haushaltsmitteln so nicht beschafft werden k\u00f6nnen.<\/p>\n\n\n\n<ul><li><a href=\"https:\/\/cloud.foevkts.ralsu.de\/index.php\/s\/cBME12Q1vOctvas\/download\">Jahresbericht 2020<\/a><\/li><\/ul>\n","protected":false},"excerpt":{"rendered":"<p>In der Mitgliederversammlung am 27.04.2021 berichtete der Vorstand \u00fcber die Entwicklung des Vereins im Jahr 2020 und wagt einen Ausblick auf das Jahr 2021. Hygienema\u00dfnahmen, Corona-Regeln &#8211; auch die Jahreshauptversammlung 2021 blieb davon nicht verschont, denn kurzfristig musste die Versammlung von der Kita in die benachbarte St.-Vitus-Kirche verlegt werden, da hier Abst\u00e4nde und Hygienema\u00dfnahmen besser [&hellip;]<\/p>\n","protected":false},"author":1,"featured_media":310,"comment_status":"open","ping_status":"open","sticky":false,"template":"","format":"standard","meta":[],"categories":[1],"tags":[],"_links":{"self":[{"href":"https:\/\/foevkts.ralsu.de\/wordpress\/index.php\/wp-json\/wp\/v2\/posts\/309"}],"collection":[{"href":"https:\/\/foevkts.ralsu.de\/wordpress\/index.php\/wp-json\/wp\/v2\/posts"}],"about":[{"href":"https:\/\/foevkts.ralsu.de\/wordpress\/index.php\/wp-json\/wp\/v2\/types\/post"}],"author":[{"embeddable":true,"href":"https:\/\/foevkts.ralsu.de\/wordpress\/index.php\/wp-json\/wp\/v2\/users\/1"}],"replies":[{"embeddable":true,"href":"https:\/\/foevkts.ralsu.de\/wordpress\/index.php\/wp-json\/wp\/v2\/comments?post=309"}],"version-history":[{"count":2,"href":"https:\/\/foevkts.ralsu.de\/wordpress\/index.php\/wp-json\/wp\/v2\/posts\/309\/revisions"}],"predecessor-version":[{"id":312,"href":"https:\/\/foevkts.ralsu.de\/wordpress\/index.php\/wp-json\/wp\/v2\/posts\/309\/revisions\/312"}],"wp:featuredmedia":[{"embeddable":true,"href":"https:\/\/foevkts.ralsu.de\/wordpress\/index.php\/wp-json\/wp\/v2\/media\/310"}],"wp:attachment":[{"href":"https:\/\/foevkts.ralsu.de\/wordpress\/index.php\/wp-json\/wp\/v2\/media?parent=309"}],"wp:term":[{"taxonomy":"category","embeddable":true,"href":"https:\/\/foevkts.ralsu.de\/wordpress\/index.php\/wp-json\/wp\/v2\/categories?post=309"},{"taxonomy":"post_tag","embeddable":true,"href":"https:\/\/foevkts.ralsu.de\/wordpress\/index.php\/wp-json\/wp\/v2\/tags?post=309"}],"curies":[{"name":"wp","href":"https:\/\/api.w.org\/{rel}","templated":true}]}}