{"id":360,"date":"2025-03-19T16:04:57","date_gmt":"2025-03-19T15:04:57","guid":{"rendered":"https:\/\/foevkts.ralsu.de\/wordpress\/?p=360"},"modified":"2025-03-19T16:04:57","modified_gmt":"2025-03-19T15:04:57","slug":"einladung-zur-mitgliederversammlung-2024","status":"publish","type":"post","link":"https:\/\/foevkts.ralsu.de\/wordpress\/index.php\/2025\/03\/19\/einladung-zur-mitgliederversammlung-2024\/","title":{"rendered":"Einladung zur Mitgliederversammlung 2024"},"content":{"rendered":"\n<p><strong>Einladung zur Mitgliederversammlung<\/strong><\/p>\n\n\n\n<p>Liebe Mitglieder, Unterst\u00fctzer und Freunde unseres F\u00f6rdervereines,<\/p>\n\n\n\n<p>zu unserer diesj\u00e4hrigen Jahreshauptversammlung laden wir Sie ganz herzlich<\/p>\n\n\n\n<p><strong>am 12. Juni 2024 um 18:00 Uhr in die Kindertagesst\u00e4tte Schoningen<\/strong> ein.<\/p>\n\n\n\n<p><strong>Tagesordnung<\/strong><\/p>\n\n\n\n<p>1. Begr\u00fc\u00dfung und Feststellung der Beschlussf\u00e4higkeit<\/p>\n\n\n\n<p>2. Antr\u00e4ge und Genehmigung der Tagesordnung<\/p>\n\n\n\n<p>3. Genehmigung der Niederschrift der Mitgliederversammlung vom 26.04.2023<\/p>\n\n\n\n<p>4. Bericht des Vorstandes; F\u00f6rderungen der KTS Schoningen<\/p>\n\n\n\n<p>5. Bericht der Kassenf\u00fchrung<\/p>\n\n\n\n<p>6. Bericht der Kassenpr\u00fcfer<\/p>\n\n\n\n<p>7. Entlastung des Vorstandes<\/p>\n\n\n\n<p>8. Wahlen<\/p>\n\n\n\n<p>a. [Der Vorstand ist am 26.04.2023 f\u00fcr zwei Gesch\u00e4ftsahre, 2023 und 2024, gew\u00e4hlt<\/p>\n\n\n\n<p>worden.]<\/p>\n\n\n\n<p>b. Kassenpr\u00fcfer\/in (w\/m\/d) f\u00fcr zwei Gesch\u00e4ftsjahre<\/p>\n\n\n\n<p>9. Ausblick und Haushaltsplanung 2024<\/p>\n\n\n\n<p>10. Verschiedenes<\/p>\n\n\n\n<p>Antr\u00e4ge zur Tagesordnung sind bis zum 06.06.2024 schriftlich beim Vorstand einzureichen.<\/p>\n\n\n\n<p>Diese Einladung und die Niederschrift der Mitgliederversammlung finden<\/p>\n\n\n\n<p>Sie im Internet unter https:\/\/foevkts.ralsu.de\/?jhv2023 oder unter dem<\/p>\n\n\n\n<p>QR-Code<\/p>\n\n\n\n<p><em>gez. der Vorstand<\/em><\/p>\n","protected":false},"excerpt":{"rendered":"<p>Einladung zur Mitgliederversammlung Liebe Mitglieder, Unterst\u00fctzer und Freunde unseres F\u00f6rdervereines, zu unserer diesj\u00e4hrigen Jahreshauptversammlung laden wir Sie ganz herzlich am 12. Juni 2024 um 18:00 Uhr in die Kindertagesst\u00e4tte Schoningen ein. Tagesordnung 1. Begr\u00fc\u00dfung und Feststellung der Beschlussf\u00e4higkeit 2. Antr\u00e4ge und Genehmigung der Tagesordnung 3. Genehmigung der Niederschrift der Mitgliederversammlung vom 26.04.2023 4. Bericht des [&hellip;]<\/p>\n","protected":false},"author":1,"featured_media":0,"comment_status":"open","ping_status":"open","sticky":false,"template":"","format":"standard","meta":[],"categories":[1],"tags":[],"_links":{"self":[{"href":"https:\/\/foevkts.ralsu.de\/wordpress\/index.php\/wp-json\/wp\/v2\/posts\/360"}],"collection":[{"href":"https:\/\/foevkts.ralsu.de\/wordpress\/index.php\/wp-json\/wp\/v2\/posts"}],"about":[{"href":"https:\/\/foevkts.ralsu.de\/wordpress\/index.php\/wp-json\/wp\/v2\/types\/post"}],"author":[{"embeddable":true,"href":"https:\/\/foevkts.ralsu.de\/wordpress\/index.php\/wp-json\/wp\/v2\/users\/1"}],"replies":[{"embeddable":true,"href":"https:\/\/foevkts.ralsu.de\/wordpress\/index.php\/wp-json\/wp\/v2\/comments?post=360"}],"version-history":[{"count":1,"href":"https:\/\/foevkts.ralsu.de\/wordpress\/index.php\/wp-json\/wp\/v2\/posts\/360\/revisions"}],"predecessor-version":[{"id":361,"href":"https:\/\/foevkts.ralsu.de\/wordpress\/index.php\/wp-json\/wp\/v2\/posts\/360\/revisions\/361"}],"wp:attachment":[{"href":"https:\/\/foevkts.ralsu.de\/wordpress\/index.php\/wp-json\/wp\/v2\/media?parent=360"}],"wp:term":[{"taxonomy":"category","embeddable":true,"href":"https:\/\/foevkts.ralsu.de\/wordpress\/index.php\/wp-json\/wp\/v2\/categories?post=360"},{"taxonomy":"post_tag","embeddable":true,"href":"https:\/\/foevkts.ralsu.de\/wordpress\/index.php\/wp-json\/wp\/v2\/tags?post=360"}],"curies":[{"name":"wp","href":"https:\/\/api.w.org\/{rel}","templated":true}]}}